{"id":776,"date":"2017-02-14T13:00:50","date_gmt":"2017-02-14T12:00:50","guid":{"rendered":"http:\/\/www.die-fotodetektivinnen.de\/blog\/?p=776"},"modified":"2018-03-20T16:15:53","modified_gmt":"2018-03-20T15:15:53","slug":"ausstellungstipp-albert-renger-patzsch-ruhrgebietslandschaften","status":"publish","type":"post","link":"https:\/\/www.die-emotionsfotografin.com\/blog\/ausstellungstipp-albert-renger-patzsch-ruhrgebietslandschaften\/","title":{"rendered":"Ausstellungstipp: Albert Renger-Patzsch in der Pinakothek der Moderne"},"content":{"rendered":"<h4>Was pa\u00dft an kalten, ungem\u00fctlichen Wintersonntagen besser, als mal wieder ins Museum zu gehen. Mich hat es vergangenen Sonntag in die Pinakothek der Moderne gezogen, um mir die zum ersten Mal ausgestellte Sammlung von Albert Renger-Patzsch Ruhrgebietslandschaften aus der Stiftung Ann und J\u00fcrgen Wilde anzusehen.<br \/>\nIn den Jahren 1927 bis 1935 nahm Albert Renger-Patzsch, einer der wichtigsten Fotografen der Neuen Sachlichkeit, im Ruhrgebiet Stadtrand- und Haldenlandschaften, Hinterh\u00f6fe und Vorstadth\u00e4user, Schreberg\u00e4rten und Zechenanlagen auf. Kombiniere &#8211; sehenswert!<\/h4>\n<p>Die Zechen tragen so poetische Namen wie &#8222;Fr\u00f6hliche Morgensonne&#8220;. Fr\u00f6hlichkeit strahlen die rund 80 ausgestellten, teils auf warmen Chamoispapier abgezogenen Schwarzweiss-Werke eher weniger aus. Eigentlich sachlich, dokumentatorisch, aber nicht ohne Melancholie spiegeln sie den Einflu\u00df einer rasend voranschreitenden Industrialisierung auf die Natur- und St\u00e4dtelandschaften zwischen Dortmund und Duisburg wider. Die im Dunst aufsteigenden riesigen Schlote und Industrieanlagen, die sich im Hintergrund l\u00e4ndlicher Idylle zeigen, passen so gar nicht ins Bild. Sie wirken surreal, fremdartig, fast extraterrestrisch. Renger-Patzsch selbst sprach vom \u201eEinbruch des Menschen in die Natur\u201c. Menschen spielen auf diesen Werken des Meisters der Neuen Sachlichkeit eine untergeordnete Rolle. Er wollte die Welt, die er vorfand, ohne Emotion oder k\u00fcnstlerische Intension schn\u00f6rkellos wiedergeben. Er wollte seine Fotografien lediglich als Dokumente verstanden wissen, die Wirklichkeit schonungslos und realistisch darstellen. Die Bilder wirken tats\u00e4chlich sehr n\u00fcchtern, geradezu puristisch und trotzdem faszinieren sie in ihrer Einfachheit und Klarheit. Hier kann man als fotobegeisterter Mensch Rhythmus und Komposition lernen. Seine Linienf\u00fchrung ist wundersch\u00f6n. Mich hat diese Ausstellung trotz der &#8222;sachlichen&#8220; Motive beeindruckt. Obwohl Renger-Patzsch ja ohne Emotion an die Motive heranging, fand ich einige der ausgestellten Werke sehr ber\u00fchrend. Eine stille Wehmut klingt mit&#8230;.oder ist es vielleicht doch nur meine Interpretation der Dinge?<\/p>\n<p>Schaut doch mal in der Pinakothek der Moderne vorbei und macht euch selbst ein Bild davon. Noch bis zum 23. April habt ihr Gelegenheit dazu. Mein Tipp: am Sonntag kostet der Eintritt nur 1 Euro und man kann sich auch noch von den wunderbaren Werken moderner Kunst inspirieren lassen.<\/p>\n<p>Viel Spa\u00df dabei w\u00fcnscht euch eure Obersp\u00fcrnase Elisabeth<\/p>\n","protected":false},"excerpt":{"rendered":"<p>Was pa\u00dft an kalten, ungem\u00fctlichen Wintersonntagen besser, als mal wieder ins Museum zu gehen. Mich hat es vergangenen Sonntag in die Pinakothek der Moderne gezogen, um mir die zum ersten [&hellip;]<\/p>\n","protected":false},"author":1,"featured_media":777,"comment_status":"open","ping_status":"open","sticky":false,"template":"","format":"standard","meta":{"footnotes":""},"categories":[9,11,12],"tags":[103,101,55,31,27,102,104],"class_list":["post-776","post","type-post","status-publish","format-standard","has-post-thumbnail","hentry","category-entdeckungstouren","category-hochbrisantes","category-unter-die-lupe-genommen","tag-albert-renger-patzsch","tag-austellung","tag-fotodetektivinnen","tag-fotografie","tag-muenchen","tag-neue-sachlichkeit","tag-pinakothek-der-moderne"],"_links":{"self":[{"href":"https:\/\/www.die-emotionsfotografin.com\/blog\/wp-json\/wp\/v2\/posts\/776"}],"collection":[{"href":"https:\/\/www.die-emotionsfotografin.com\/blog\/wp-json\/wp\/v2\/posts"}],"about":[{"href":"https:\/\/www.die-emotionsfotografin.com\/blog\/wp-json\/wp\/v2\/types\/post"}],"author":[{"embeddable":true,"href":"https:\/\/www.die-emotionsfotografin.com\/blog\/wp-json\/wp\/v2\/users\/1"}],"replies":[{"embeddable":true,"href":"https:\/\/www.die-emotionsfotografin.com\/blog\/wp-json\/wp\/v2\/comments?post=776"}],"version-history":[{"count":7,"href":"https:\/\/www.die-emotionsfotografin.com\/blog\/wp-json\/wp\/v2\/posts\/776\/revisions"}],"predecessor-version":[{"id":784,"href":"https:\/\/www.die-emotionsfotografin.com\/blog\/wp-json\/wp\/v2\/posts\/776\/revisions\/784"}],"wp:featuredmedia":[{"embeddable":true,"href":"https:\/\/www.die-emotionsfotografin.com\/blog\/wp-json\/wp\/v2\/media\/777"}],"wp:attachment":[{"href":"https:\/\/www.die-emotionsfotografin.com\/blog\/wp-json\/wp\/v2\/media?parent=776"}],"wp:term":[{"taxonomy":"category","embeddable":true,"href":"https:\/\/www.die-emotionsfotografin.com\/blog\/wp-json\/wp\/v2\/categories?post=776"},{"taxonomy":"post_tag","embeddable":true,"href":"https:\/\/www.die-emotionsfotografin.com\/blog\/wp-json\/wp\/v2\/tags?post=776"}],"curies":[{"name":"wp","href":"https:\/\/api.w.org\/{rel}","templated":true}]}}