{"id":673,"date":"2016-03-03T12:47:16","date_gmt":"2016-03-03T11:47:16","guid":{"rendered":"http:\/\/www.die-emotionsfotografin.de\/blog\/?p=673"},"modified":"2018-03-20T18:14:00","modified_gmt":"2018-03-20T17:14:00","slug":"das-unfassbare-element-teil-2","status":"publish","type":"post","link":"https:\/\/www.die-emotionsfotografin.com\/blog\/das-unfassbare-element-teil-2\/","title":{"rendered":"Das unfassbare Element Teil 2"},"content":{"rendered":"<h4>Wasser ist das Element der Verwandlung&#8220;, sagt der Schriftsteller John von D\u00fcffel. &#8222;Wasser ist ein Element, das sich immer neu gestaltet, das sich neu strukturiert, und je nachdem, wo es ist, wie es ist, hat es auch eine v\u00f6llige andere Beschaffenheit und Gestalt. Wasser ist nie gleich.<\/h4>\n<p>Im August letzten Jahres habe ich Teil 1 dieser Serie ver\u00f6ffentlicht. Er befa\u00dfte sich mit der fl\u00fcssigen Gestalt von Wasser. In Teil 2 dreht sich alles um die eisf\u00f6rmige Erscheinung dieses Elementes, die mich immer wieder aufs Neue fasziniert. Vor allem bei meinen Reisen ins winterliche Island war Eis omnipr\u00e4sent. Dort begegnete ich gefrorenem Wasser in Form von grandiosen Gletscherlandschaften, Eisbergen, die ins Meer trieben, Schneekristallen, die vom Himmel fielen oder bizarren Eiszapfen und zugefrorenen Wassern, die zu kleinen Kunstwerken wurden. Es ist erstaunlich welch&#8216; wundersch\u00f6ne Kunstwerke Mutter Natur erschafft. Wenn man seine Fantasie spielen l\u00e4\u00dft, kann man in den Formen auch Dinge, Wesen oder Gesichter erkennen. Schaut euch die folgenden Fotos mal genau an. Was erkennt ihr in den Eisbildern? La\u00dft eurer Kreativit\u00e4t freien Lauf. Bin gespannt auf eure Ermittlungsergebnisse.<\/p>\n<p>&nbsp;<\/p>\n<p><img loading=\"lazy\" decoding=\"async\" class=\"alignnone size-full wp-image-677\" src=\"https:\/\/www.die-emotionsfotografin.com\/blog\/wp-content\/uploads\/2016\/02\/EisIsland1.jpg\" alt=\"\" width=\"850\" height=\"567\" srcset=\"https:\/\/www.die-emotionsfotografin.com\/blog\/wp-content\/uploads\/2016\/02\/EisIsland1.jpg 850w, https:\/\/www.die-emotionsfotografin.com\/blog\/wp-content\/uploads\/2016\/02\/EisIsland1-300x200.jpg 300w, https:\/\/www.die-emotionsfotografin.com\/blog\/wp-content\/uploads\/2016\/02\/EisIsland1-768x512.jpg 768w\" sizes=\"(max-width: 850px) 100vw, 850px\" \/>\u00a0\u00a0<img loading=\"lazy\" decoding=\"async\" class=\"alignnone size-full wp-image-674\" src=\"https:\/\/www.die-emotionsfotografin.com\/blog\/wp-content\/uploads\/2016\/02\/EisIsland3.jpg\" alt=\"Eisstrukturen\" width=\"850\" height=\"567\" srcset=\"https:\/\/www.die-emotionsfotografin.com\/blog\/wp-content\/uploads\/2016\/02\/EisIsland3.jpg 850w, https:\/\/www.die-emotionsfotografin.com\/blog\/wp-content\/uploads\/2016\/02\/EisIsland3-300x200.jpg 300w, https:\/\/www.die-emotionsfotografin.com\/blog\/wp-content\/uploads\/2016\/02\/EisIsland3-768x512.jpg 768w\" sizes=\"(max-width: 850px) 100vw, 850px\" \/><\/p>\n<p><img loading=\"lazy\" decoding=\"async\" class=\"alignnone size-full wp-image-679\" src=\"https:\/\/www.die-emotionsfotografin.com\/blog\/wp-content\/uploads\/2016\/02\/EisIsland5.jpg\" alt=\"\" width=\"850\" height=\"567\" srcset=\"https:\/\/www.die-emotionsfotografin.com\/blog\/wp-content\/uploads\/2016\/02\/EisIsland5.jpg 850w, https:\/\/www.die-emotionsfotografin.com\/blog\/wp-content\/uploads\/2016\/02\/EisIsland5-300x200.jpg 300w, https:\/\/www.die-emotionsfotografin.com\/blog\/wp-content\/uploads\/2016\/02\/EisIsland5-768x512.jpg 768w\" sizes=\"(max-width: 850px) 100vw, 850px\" \/><\/p>\n<p><img loading=\"lazy\" decoding=\"async\" class=\"size-full wp-image-680\" src=\"https:\/\/www.die-emotionsfotografin.com\/blog\/wp-content\/uploads\/2016\/02\/IMG_0203.jpg\" alt=\"Foto Eis Kunst Malerei, Eisgem\u00e4lde\" width=\"850\" height=\"567\" srcset=\"https:\/\/www.die-emotionsfotografin.com\/blog\/wp-content\/uploads\/2016\/02\/IMG_0203.jpg 850w, https:\/\/www.die-emotionsfotografin.com\/blog\/wp-content\/uploads\/2016\/02\/IMG_0203-300x200.jpg 300w, https:\/\/www.die-emotionsfotografin.com\/blog\/wp-content\/uploads\/2016\/02\/IMG_0203-768x512.jpg 768w\" sizes=\"(max-width: 850px) 100vw, 850px\" \/><\/p>\n<p><img loading=\"lazy\" decoding=\"async\" class=\"alignnone size-full wp-image-678\" src=\"https:\/\/www.die-emotionsfotografin.com\/blog\/wp-content\/uploads\/2016\/02\/EisIsland4.jpg\" alt=\"\" width=\"567\" height=\"850\" srcset=\"https:\/\/www.die-emotionsfotografin.com\/blog\/wp-content\/uploads\/2016\/02\/EisIsland4.jpg 567w, https:\/\/www.die-emotionsfotografin.com\/blog\/wp-content\/uploads\/2016\/02\/EisIsland4-200x300.jpg 200w\" sizes=\"(max-width: 567px) 100vw, 567px\" \/><\/p>\n<p><img loading=\"lazy\" decoding=\"async\" class=\"size-full wp-image-685\" src=\"https:\/\/www.die-emotionsfotografin.com\/blog\/wp-content\/uploads\/2016\/03\/EisIsland6.jpg\" alt=\"Gletscher Eis Island\" width=\"850\" height=\"567\" srcset=\"https:\/\/www.die-emotionsfotografin.com\/blog\/wp-content\/uploads\/2016\/03\/EisIsland6.jpg 850w, https:\/\/www.die-emotionsfotografin.com\/blog\/wp-content\/uploads\/2016\/03\/EisIsland6-300x200.jpg 300w, https:\/\/www.die-emotionsfotografin.com\/blog\/wp-content\/uploads\/2016\/03\/EisIsland6-768x512.jpg 768w\" sizes=\"(max-width: 850px) 100vw, 850px\" \/><\/p>\n","protected":false},"excerpt":{"rendered":"<p>Wasser ist das Element der Verwandlung&#8220;, sagt der Schriftsteller John von D\u00fcffel. &#8222;Wasser ist ein Element, das sich immer neu gestaltet, das sich neu strukturiert, und je nachdem, wo es [&hellip;]<\/p>\n","protected":false},"author":1,"featured_media":676,"comment_status":"open","ping_status":"open","sticky":false,"template":"","format":"standard","meta":{"footnotes":""},"categories":[9,10],"tags":[90,92,87,31,45,93,88,89,40,91],"class_list":["post-673","post","type-post","status-publish","format-standard","has-post-thumbnail","hentry","category-entdeckungstouren","category-kreativarchiv","tag-abstrakt","tag-details","tag-eis","tag-fotografie","tag-island","tag-landschaft","tag-schnee","tag-verwandlung","tag-wasser","tag-winter"],"_links":{"self":[{"href":"https:\/\/www.die-emotionsfotografin.com\/blog\/wp-json\/wp\/v2\/posts\/673"}],"collection":[{"href":"https:\/\/www.die-emotionsfotografin.com\/blog\/wp-json\/wp\/v2\/posts"}],"about":[{"href":"https:\/\/www.die-emotionsfotografin.com\/blog\/wp-json\/wp\/v2\/types\/post"}],"author":[{"embeddable":true,"href":"https:\/\/www.die-emotionsfotografin.com\/blog\/wp-json\/wp\/v2\/users\/1"}],"replies":[{"embeddable":true,"href":"https:\/\/www.die-emotionsfotografin.com\/blog\/wp-json\/wp\/v2\/comments?post=673"}],"version-history":[{"count":9,"href":"https:\/\/www.die-emotionsfotografin.com\/blog\/wp-json\/wp\/v2\/posts\/673\/revisions"}],"predecessor-version":[{"id":830,"href":"https:\/\/www.die-emotionsfotografin.com\/blog\/wp-json\/wp\/v2\/posts\/673\/revisions\/830"}],"wp:featuredmedia":[{"embeddable":true,"href":"https:\/\/www.die-emotionsfotografin.com\/blog\/wp-json\/wp\/v2\/media\/676"}],"wp:attachment":[{"href":"https:\/\/www.die-emotionsfotografin.com\/blog\/wp-json\/wp\/v2\/media?parent=673"}],"wp:term":[{"taxonomy":"category","embeddable":true,"href":"https:\/\/www.die-emotionsfotografin.com\/blog\/wp-json\/wp\/v2\/categories?post=673"},{"taxonomy":"post_tag","embeddable":true,"href":"https:\/\/www.die-emotionsfotografin.com\/blog\/wp-json\/wp\/v2\/tags?post=673"}],"curies":[{"name":"wp","href":"https:\/\/api.w.org\/{rel}","templated":true}]}}