{"id":640,"date":"2016-01-05T16:45:47","date_gmt":"2016-01-05T15:45:47","guid":{"rendered":"http:\/\/www.die-emotionsfotografin.de\/blog\/?p=640"},"modified":"2018-03-20T17:31:10","modified_gmt":"2018-03-20T16:31:10","slug":"lichtvoll-geht-das-fotodetektivinnen-jahr-2015-zuende-viele-glanzlichter-erwarten-euch-in-2016","status":"publish","type":"post","link":"https:\/\/www.die-emotionsfotografin.com\/blog\/lichtvoll-geht-das-fotodetektivinnen-jahr-2015-zuende-viele-glanzlichter-erwarten-euch-in-2016\/","title":{"rendered":"Lichtvoll geht das Fotodetektivinnen Jahr 2015 zu Ende &#8211; neue Glanzlichter erwarten euch in 2016"},"content":{"rendered":"<h3>Beim letzten Gruppenworkshop des Jahres 2015 widmeten sich die Fotodetektivinnen den lichtvollen Motiven der glitzernden Weihnachtsdeko der Stadt im Dezember. Unser Tatort waren die Arkaden der Hofstatt. Die Herausforderung lag diesmal f\u00fcr die Teilnehmerinnen darin, Sterne, Kerzen und Kugeln nicht einfach abzufotografieren, sondern ganz in Fotodetektivinnen Manier kreativ und ungew\u00f6hnlich darzustellen.<\/h3>\n<p>&nbsp;<\/p>\n<p style=\"text-align: center;\"><section id=\"huge_it_gallery_content_10\" class=\"gallery-img-content\"\r\n\t\t data-gallery-id=\"10\"\r\n\t\t data-content-per-page=\"5\"\r\n         data-rating-type=\"off\">\r\n\t<div id=\"huge_it_gallery_container_10\"\r\n\t     data-show-center=\"off\"\r\n\t     class=\"huge_it_gallery_container super-list variable-sizes clearfix view-lightbox-gallery\">\r\n\t\t<div id=\"huge_it_gallery_container_moving_10\" class=\"super-list variable-sizes clearfix\">\r\n\t\t\t<input type=\"hidden\" class=\"pagenum\" value=\"1\"\/>\r\n\t\t\t\t\t\t<input type=\"hidden\" id=\"total\" value=\"2\"\/>\r\n\t\t\t\t\t\t\t<div class=\"element element_10\" tabindex=\"0\" data-symbol=\"\" data-category=\"alkaline-earth\">\r\n\t\t\t\t\t<div class=\"image-block_10\">\r\n\t\t\t\t\t\t\t\t\t\t\t\t\t\t\t\t\t\t\t\t\t\t\t\t\t\t\t\t\t\t<a href=\"https:\/\/www.die-emotionsfotografin.com\/blog\/wp-content\/uploads\/2016\/01\/Fotoworkshop_Farbspiel_Ulrike_Fuchs.jpg\"\r\n\t\t\t\t\t\t\t\t   title=\"\"><img\r\n\t\t\t\t\t\t\t\t\t\talt=\"\"\r\n\t\t\t\t\t\t\t\t\t\tid=\"wd-cl-img0\"\r\n\t\t\t\t\t\t\t\t\t\ttitle=\"\"\r\n\t\t\t\t\t\t\t\t\t\tsrc=\"https:\/\/www.die-emotionsfotografin.com\/blog\/wp-content\/uploads\/2016\/01\/Fotoworkshop_Farbspiel_Ulrike_Fuchs.jpg\"\/><\/a>\r\n\t\t\t\t\t\t\t\t\t\t\t\t\t\t\t\t\t\t\t\t<\/div>\r\n\t\t\t\t\t\t\t\t\t\t\t\t\t\t<\/div>\r\n\t\t\t\t\t\t\t\t<div class=\"element element_10\" tabindex=\"0\" data-symbol=\"Lichtreflexionen\" data-category=\"alkaline-earth\">\r\n\t\t\t\t\t<div class=\"image-block_10\">\r\n\t\t\t\t\t\t\t\t\t\t\t\t\t\t\t\t\t\t\t\t\t\t\t\t\t\t\t\t\t\t<a href=\"https:\/\/www.die-emotionsfotografin.com\/blog\/wp-content\/uploads\/2016\/01\/Space.jpg\"\r\n\t\t\t\t\t\t\t\t   title=\"Lichtreflexionen\"><img\r\n\t\t\t\t\t\t\t\t\t\talt=\"Lichtreflexionen\"\r\n\t\t\t\t\t\t\t\t\t\tid=\"wd-cl-img1\"\r\n\t\t\t\t\t\t\t\t\t\ttitle=\"Lichtreflexionen\"\r\n\t\t\t\t\t\t\t\t\t\tsrc=\"https:\/\/www.die-emotionsfotografin.com\/blog\/wp-content\/uploads\/2016\/01\/Space.jpg\"\/><\/a>\r\n\t\t\t\t\t\t\t\t\t\t\t\t\t\t\t\t\t\t\t\t<\/div>\r\n\t\t\t\t\t\t\t\t\t\t\t\t\t\t\t\t<div class=\"title-block_10\">\r\n\t\t\t\t\t\t\t\t\t\t\t\t\t\t\tLichtreflexionen\t\t\t\t\t\t\t\t\t\t\t\t\t\t<\/div>\r\n\t\t\t\t\t\t\t\t\t<\/div>\r\n\t\t\t\t\t\t\t\t<div class=\"element element_10\" tabindex=\"0\" data-symbol=\"Foto Schneekristall abstrakt Weihnachtszeit\" data-category=\"alkaline-earth\">\r\n\t\t\t\t\t<div class=\"image-block_10\">\r\n\t\t\t\t\t\t\t\t\t\t\t\t\t\t\t\t\t\t\t\t\t\t\t\t\t\t\t\t\t\t<a href=\"https:\/\/www.die-emotionsfotografin.com\/blog\/wp-content\/uploads\/2016\/01\/Sterne.jpg\"\r\n\t\t\t\t\t\t\t\t   title=\"Foto Schneekristall abstrakt Weihnachtszeit\"><img\r\n\t\t\t\t\t\t\t\t\t\talt=\"Foto Schneekristall abstrakt Weihnachtszeit\"\r\n\t\t\t\t\t\t\t\t\t\tid=\"wd-cl-img2\"\r\n\t\t\t\t\t\t\t\t\t\ttitle=\"Foto Schneekristall abstrakt Weihnachtszeit\"\r\n\t\t\t\t\t\t\t\t\t\tsrc=\"https:\/\/www.die-emotionsfotografin.com\/blog\/wp-content\/uploads\/2016\/01\/Sterne.jpg\"\/><\/a>\r\n\t\t\t\t\t\t\t\t\t\t\t\t\t\t\t\t\t\t\t\t<\/div>\r\n\t\t\t\t\t\t\t\t\t\t\t\t\t\t\t\t<div class=\"title-block_10\">\r\n\t\t\t\t\t\t\t\t\t\t\t\t\t\t\tFoto Schneekristall abstrakt Weihnachtszeit\t\t\t\t\t\t\t\t\t\t\t\t\t\t<\/div>\r\n\t\t\t\t\t\t\t\t\t<\/div>\r\n\t\t\t\t\t\t\t\t<div class=\"element element_10\" tabindex=\"0\" data-symbol=\"Lichterglanz\" data-category=\"alkaline-earth\">\r\n\t\t\t\t\t<div class=\"image-block_10\">\r\n\t\t\t\t\t\t\t\t\t\t\t\t\t\t\t\t\t\t\t\t\t\t\t\t\t\t\t\t\t\t<a href=\"https:\/\/www.die-emotionsfotografin.com\/blog\/wp-content\/uploads\/2016\/01\/Lichterspur.jpg\"\r\n\t\t\t\t\t\t\t\t   title=\"Lichterglanz\"><img\r\n\t\t\t\t\t\t\t\t\t\talt=\"Lichterglanz\"\r\n\t\t\t\t\t\t\t\t\t\tid=\"wd-cl-img3\"\r\n\t\t\t\t\t\t\t\t\t\ttitle=\"Lichterglanz\"\r\n\t\t\t\t\t\t\t\t\t\tsrc=\"https:\/\/www.die-emotionsfotografin.com\/blog\/wp-content\/uploads\/2016\/01\/Lichterspur.jpg\"\/><\/a>\r\n\t\t\t\t\t\t\t\t\t\t\t\t\t\t\t\t\t\t\t\t<\/div>\r\n\t\t\t\t\t\t\t\t\t\t\t\t\t\t\t\t<div class=\"title-block_10\">\r\n\t\t\t\t\t\t\t\t\t\t\t\t\t\t\tLichterglanz\t\t\t\t\t\t\t\t\t\t\t\t\t\t<\/div>\r\n\t\t\t\t\t\t\t\t\t<\/div>\r\n\t\t\t\t\t\t\t\t<div class=\"element element_10\" tabindex=\"0\" data-symbol=\"eifrige Fotoworkshop Teilnehmerinnen\" data-category=\"alkaline-earth\">\r\n\t\t\t\t\t<div class=\"image-block_10\">\r\n\t\t\t\t\t\t\t\t\t\t\t\t\t\t\t\t\t\t\t\t\t\t\t\t\t\t\t\t\t\t<a href=\"https:\/\/www.die-emotionsfotografin.com\/blog\/wp-content\/uploads\/2016\/01\/Fotodetektivinnen.jpg\"\r\n\t\t\t\t\t\t\t\t   title=\"eifrige Fotoworkshop Teilnehmerinnen\"><img\r\n\t\t\t\t\t\t\t\t\t\talt=\"eifrige Fotoworkshop Teilnehmerinnen\"\r\n\t\t\t\t\t\t\t\t\t\tid=\"wd-cl-img4\"\r\n\t\t\t\t\t\t\t\t\t\ttitle=\"eifrige Fotoworkshop Teilnehmerinnen\"\r\n\t\t\t\t\t\t\t\t\t\tsrc=\"https:\/\/www.die-emotionsfotografin.com\/blog\/wp-content\/uploads\/2016\/01\/Fotodetektivinnen.jpg\"\/><\/a>\r\n\t\t\t\t\t\t\t\t\t\t\t\t\t\t\t\t\t\t\t\t<\/div>\r\n\t\t\t\t\t\t\t\t\t\t\t\t\t\t\t\t<div class=\"title-block_10\">\r\n\t\t\t\t\t\t\t\t\t\t\t\t\t\t\teifrige Fotoworkshop Teilnehmerinnen\t\t\t\t\t\t\t\t\t\t\t\t\t\t<\/div>\r\n\t\t\t\t\t\t\t\t\t<\/div>\r\n\t\t\t\t\t\t\t\t<div class=\"element element_10\" tabindex=\"0\" data-symbol=\"Zauberhafte Details 2\" data-category=\"alkaline-earth\">\r\n\t\t\t\t\t<div class=\"image-block_10\">\r\n\t\t\t\t\t\t\t\t\t\t\t\t\t\t\t\t\t\t\t\t\t\t\t\t\t\t\t\t\t\t<a href=\"https:\/\/www.die-emotionsfotografin.com\/blog\/wp-content\/uploads\/2016\/01\/MG_0553.jpg\"\r\n\t\t\t\t\t\t\t\t   title=\"Zauberhafte Details 2\"><img\r\n\t\t\t\t\t\t\t\t\t\talt=\"Zauberhafte Details 2\"\r\n\t\t\t\t\t\t\t\t\t\tid=\"wd-cl-img5\"\r\n\t\t\t\t\t\t\t\t\t\ttitle=\"Zauberhafte Details 2\"\r\n\t\t\t\t\t\t\t\t\t\tsrc=\"https:\/\/www.die-emotionsfotografin.com\/blog\/wp-content\/uploads\/2016\/01\/MG_0553.jpg\"\/><\/a>\r\n\t\t\t\t\t\t\t\t\t\t\t\t\t\t\t\t\t\t\t\t<\/div>\r\n\t\t\t\t\t\t\t\t\t\t\t\t\t\t\t\t<div class=\"title-block_10\">\r\n\t\t\t\t\t\t\t\t\t\t\t\t\t\t\tZauberhafte Details 2\t\t\t\t\t\t\t\t\t\t\t\t\t\t<\/div>\r\n\t\t\t\t\t\t\t\t\t<\/div>\r\n\t\t\t\t\t\t\t\t<div class=\"element element_10\" tabindex=\"0\" data-symbol=\"Zauberhafte Details 1\" data-category=\"alkaline-earth\">\r\n\t\t\t\t\t<div class=\"image-block_10\">\r\n\t\t\t\t\t\t\t\t\t\t\t\t\t\t\t\t\t\t\t\t\t\t\t\t\t\t\t\t\t\t<a href=\"https:\/\/www.die-emotionsfotografin.com\/blog\/wp-content\/uploads\/2016\/01\/Farbgestalt2.jpg\"\r\n\t\t\t\t\t\t\t\t   title=\"Zauberhafte Details 1\"><img\r\n\t\t\t\t\t\t\t\t\t\talt=\"Zauberhafte Details 1\"\r\n\t\t\t\t\t\t\t\t\t\tid=\"wd-cl-img6\"\r\n\t\t\t\t\t\t\t\t\t\ttitle=\"Zauberhafte Details 1\"\r\n\t\t\t\t\t\t\t\t\t\tsrc=\"https:\/\/www.die-emotionsfotografin.com\/blog\/wp-content\/uploads\/2016\/01\/Farbgestalt2.jpg\"\/><\/a>\r\n\t\t\t\t\t\t\t\t\t\t\t\t\t\t\t\t\t\t\t\t<\/div>\r\n\t\t\t\t\t\t\t\t\t\t\t\t\t\t\t\t<div class=\"title-block_10\">\r\n\t\t\t\t\t\t\t\t\t\t\t\t\t\t\tZauberhafte Details 1\t\t\t\t\t\t\t\t\t\t\t\t\t\t<\/div>\r\n\t\t\t\t\t\t\t\t\t<\/div>\r\n\t\t\t\t\t\t\t\t<div class=\"element element_10\" tabindex=\"0\" data-symbol=\"\" data-category=\"alkaline-earth\">\r\n\t\t\t\t\t<div class=\"image-block_10\">\r\n\t\t\t\t\t\t\t\t\t\t\t\t\t\t\t\t\t\t\t\t\t\t\t\t\t\t\t\t\t\t<a href=\"https:\/\/www.die-emotionsfotografin.com\/blog\/wp-content\/uploads\/2016\/01\/Farbgestalt.jpg\"\r\n\t\t\t\t\t\t\t\t   title=\"\"><img\r\n\t\t\t\t\t\t\t\t\t\talt=\"\"\r\n\t\t\t\t\t\t\t\t\t\tid=\"wd-cl-img7\"\r\n\t\t\t\t\t\t\t\t\t\ttitle=\"\"\r\n\t\t\t\t\t\t\t\t\t\tsrc=\"https:\/\/www.die-emotionsfotografin.com\/blog\/wp-content\/uploads\/2016\/01\/Farbgestalt.jpg\"\/><\/a>\r\n\t\t\t\t\t\t\t\t\t\t\t\t\t\t\t\t\t\t\t\t<\/div>\r\n\t\t\t\t\t\t\t\t\t\t\t\t\t\t<\/div>\r\n\t\t\t\t\t\t<\/div>\r\n\t\t<div class=\"clear\"><\/div>\r\n\t<\/div>\r\n\t\r\n\r\n<\/section><style>\r\n.gallery-img-content .clear {\r\n    clear: both;\r\n}\r\n.gallery-img-content a{\r\n    border-bottom: none;\r\n}\r\n.element_10 {\r\n    max-width:275px;\r\n    margin:0 2px 10px 0;\r\n    border:0px solid #eeeeee;\r\n    border-radius:3px;\r\n    outline:none;\r\n    overflow:hidden;\r\n}\r\n.element_10 .image-block_10 {\r\n    position:relative;\r\n    width: 100%;\r\n\twidth:275px;\r\n    max-width:275px;\r\n}\r\n.element_10 .image-block_10 a {display:block;}\r\n.element_10 .image-block_10 img {\r\n    width: 100%;\r\n    max-width:275px !important;\r\n    height:auto;\r\n    display:block;\r\n    border-radius: 0 !important;\r\n    box-shadow: 0 0 0 rgba(0, 0, 0, 0) !important;\r\n}\r\n.element_10 .image-block_10 img:hover {\r\n    cursor: -webkit-zoom-in; cursor: -moz-zoom-in;\r\n}\r\n.element_10 .image-block_10 .play-icon {\r\n    position:absolute;\r\n    top:0;\r\n    left:0;\r\n    width:100%;\r\n    height:100%;\r\n}\r\n\r\n.element_10:hover .title-block_10 {bottom:0;}\r\n.element_10 .title-block_10 a, .element_10 .title-block_10 a:link, .element_10 .title-block_10 a:visited, .element_10 .title-block_10 {\r\n    position:relative;\r\n    margin:0;\r\n    padding:0 1% 0 2%;\r\n    width:97%;\r\n    text-decoration:none !important;\r\n    text-overflow: ellipsis;\r\n    overflow: hidden;\r\n    white-space:nowrap;\r\n    z-index:20;\r\n    font-size: 16px;\r\n    color:#0074A2;\r\n    font-weight:normal;\r\n}\r\n.element_10 .image-block_10  .play-icon.youtube-icon {background:url(https:\/\/www.die-emotionsfotografin.com\/blog\/wp-content\/plugins\/gallery-images\/assets\/images..\/admin_images\/play.youtube.png) center center no-repeat;}\r\n.element_10 .image-block_10  .play-icon.vimeo-icon {background:url(https:\/\/www.die-emotionsfotografin.com\/blog\/wp-content\/plugins\/gallery-images\/assets\/images..\/admin_images\/play.vimeo.png) center center no-repeat;}\r\n.element_10 .title-block_10 {\r\n    position:absolute;\r\n    left:0;\r\n    width:100%;\r\n    padding-top:5px;\r\n    height: 36px;\r\n    bottom:-41px;\r\n    background: rgba(0,0,0,0.8)  !important;\r\n    -webkit-transition: bottom 0.3s ease-out 0.1s;\r\n    -moz-transition: bottom 0.3s ease-out 0.1s;\r\n    -o-transition: bottom 0.3s ease-out 0.1s;\r\n    transition: bottom 0.3s ease-out 0.1s;\r\n}\r\n.element_10 .title-block_10 a:hover, .element_10 .title-block_10 a:focus, .element_10 .title-block_10 a:active {\r\n    color:#2EA2CD;\r\n    text-decoration:none;\r\n}\r\n.load_more4 {\r\n    margin: 10px 0;\r\n    position:relative;\r\n    text-align:center;\r\n    width:100%;\r\n}\r\n.load_more_button4 {\r\n    border-radius: 10px;\r\n    display:inline-block;\r\n    padding:5px 15px;\r\n    font-size:16px !important;;\r\n    color:#FF0D0D !important;;\r\n    background:#5CADFF !important;\r\n    cursor:pointer;\r\n}\r\n.load_more_button4:hover{\r\n    color:#FF4040 !important;\r\n    background:#99C5FF !important;\r\n}\r\n.loading4 {\r\n    display:none;\r\n}\r\n.paginate4{\r\n    font-size:19px !important;\r\n    color:#FF2C2C !important;\r\n    text-align: center;\r\n    margin-top: 25px;\r\n}\r\n.paginate4 a{\r\n    border-bottom: none !important;\r\n}\r\n.icon-style4{\r\n    font-size: 21px !important;\r\n    color:#B82020 !important;\r\n}\r\n.clear{\r\n    clear:both;\r\n}\r\n@media screen and (max-width: 480px){\r\n    .element_10{\r\n        max-width:100% !important;\r\n    }\r\n}\r\n<\/style><\/p>\n<p>Es waren wieder spannende 3 Stunden Entdeckungstour mit Kamera. Die Aha! und Wow! Effekte blieben bei den anwesenden Fotodetektivinnen auch diesmal nicht aus. Es ist mir immer wieder eine gro\u00dfe Freude zu sehen, wieviel Spa\u00df und Neugierde die Fotodetektivinnen f\u00fcr ihr Lieblingshobby mitbringen. Und ich liebe es, Tipps und Tricks und mein angesammeltes Know How weiterzugeben, damit die fehlenden Kenntnisse in Technick und Gestaltung der Kreativit\u00e4t nicht im Wege stehen. Learning by doing ist die Devise aller Frauenworkshops. Und Lernen kann spielerisch leicht sein.<br \/>\nTeilnehmerin Ulrike Fuchs bringt es in ihrem Feedback auf den Punkt:<\/p>\n<blockquote><p>&#8222;Liebe Elisabeth, vielen Dank nochmal f\u00fcr den tollen Workshop, der mir riesig Spa\u00df gemacht hat und bei dem ich jede Menge gelernt habe. Mein Kopf verarbeitet noch immer und die Tage werde ich mich an die Weisheit Deiner Thai-Lehrerin ran wagen: Uben, uben, uben!&#8220;<\/p><\/blockquote>\n<p>Fotodetektivin Ulrike gelang beim Lichterglanz Workshop diese wunderbare Aufnahme:<\/p>\n<p><img loading=\"lazy\" decoding=\"async\" class=\"alignnone size-full wp-image-648\" src=\"https:\/\/www.die-emotionsfotografin.com\/blog\/wp-content\/uploads\/2016\/01\/2Fotoworkshop_Farbspiel_Ulrike_Fuchs.jpg\" alt=\"\" width=\"850\" height=\"567\" srcset=\"https:\/\/www.die-emotionsfotografin.com\/blog\/wp-content\/uploads\/2016\/01\/2Fotoworkshop_Farbspiel_Ulrike_Fuchs.jpg 850w, https:\/\/www.die-emotionsfotografin.com\/blog\/wp-content\/uploads\/2016\/01\/2Fotoworkshop_Farbspiel_Ulrike_Fuchs-300x200.jpg 300w, https:\/\/www.die-emotionsfotografin.com\/blog\/wp-content\/uploads\/2016\/01\/2Fotoworkshop_Farbspiel_Ulrike_Fuchs-768x512.jpg 768w\" sizes=\"(max-width: 850px) 100vw, 850px\" \/><\/p>\n<p>Auch Friederike Conrads, mehrfache Wiederholungst\u00e4terin bei den Fotodetektivinnen Workshops, war ihrer Kreativit\u00e4t wieder auf der Spur. Ihr Lieblingsfoto aus f\u00fcr sie spannenden 3 Stunden ist dieses sch\u00f6ne Motiv: Toll eingefangen, Friederike.<\/p>\n<p><img loading=\"lazy\" decoding=\"async\" class=\"alignnone size-full wp-image-659\" src=\"https:\/\/www.die-emotionsfotografin.com\/blog\/wp-content\/uploads\/2016\/01\/Weihnachtskugeln.jpg\" alt=\"\" width=\"567\" height=\"850\" srcset=\"https:\/\/www.die-emotionsfotografin.com\/blog\/wp-content\/uploads\/2016\/01\/Weihnachtskugeln.jpg 567w, https:\/\/www.die-emotionsfotografin.com\/blog\/wp-content\/uploads\/2016\/01\/Weihnachtskugeln-200x300.jpg 200w\" sizes=\"(max-width: 567px) 100vw, 567px\" \/><\/p>\n<p>&nbsp;<\/p>\n<p>Auch in 2016 erwarten Euch viele interessante und ungew\u00f6hnliche Workshopthemen. Ich schmiede gerade Strategiepl\u00e4ne f\u00fcr die kommenden Monate und werde euch an dieser Stelle \u00fcber die Termine informieren. Ich freue mich auf viele neugierige bekannte und unbekannte Fotodetektivinnen, tollen kreativen Austausch und strahlende Teilnehmerinnen im Neuen Jahr!<\/p>\n<p>Bleibt flei\u00dfig am Ausl\u00f6ser, Eure Obersp\u00fcrnase Elisabeth<\/p>\n","protected":false},"excerpt":{"rendered":"<p>Beim letzten Gruppenworkshop des Jahres 2015 widmeten sich die Fotodetektivinnen den lichtvollen Motiven der glitzernden Weihnachtsdeko der Stadt im Dezember. Unser Tatort waren die Arkaden der Hofstatt. Die Herausforderung lag [&hellip;]<\/p>\n","protected":false},"author":1,"featured_media":641,"comment_status":"open","ping_status":"open","sticky":false,"template":"","format":"standard","meta":{"footnotes":""},"categories":[9],"tags":[19,39,86,28,37,27,47,46,80],"class_list":["post-640","post","type-post","status-publish","format-standard","has-post-thumbnail","hentry","category-entdeckungstouren","tag-fotoexperimente","tag-fotokurs","tag-fotoworkshop-fuer-frauen","tag-kreativ","tag-lernen","tag-muenchen","tag-reflexion","tag-spiegelung","tag-weihnachtslichter"],"_links":{"self":[{"href":"https:\/\/www.die-emotionsfotografin.com\/blog\/wp-json\/wp\/v2\/posts\/640"}],"collection":[{"href":"https:\/\/www.die-emotionsfotografin.com\/blog\/wp-json\/wp\/v2\/posts"}],"about":[{"href":"https:\/\/www.die-emotionsfotografin.com\/blog\/wp-json\/wp\/v2\/types\/post"}],"author":[{"embeddable":true,"href":"https:\/\/www.die-emotionsfotografin.com\/blog\/wp-json\/wp\/v2\/users\/1"}],"replies":[{"embeddable":true,"href":"https:\/\/www.die-emotionsfotografin.com\/blog\/wp-json\/wp\/v2\/comments?post=640"}],"version-history":[{"count":12,"href":"https:\/\/www.die-emotionsfotografin.com\/blog\/wp-json\/wp\/v2\/posts\/640\/revisions"}],"predecessor-version":[{"id":845,"href":"https:\/\/www.die-emotionsfotografin.com\/blog\/wp-json\/wp\/v2\/posts\/640\/revisions\/845"}],"wp:featuredmedia":[{"embeddable":true,"href":"https:\/\/www.die-emotionsfotografin.com\/blog\/wp-json\/wp\/v2\/media\/641"}],"wp:attachment":[{"href":"https:\/\/www.die-emotionsfotografin.com\/blog\/wp-json\/wp\/v2\/media?parent=640"}],"wp:term":[{"taxonomy":"category","embeddable":true,"href":"https:\/\/www.die-emotionsfotografin.com\/blog\/wp-json\/wp\/v2\/categories?post=640"},{"taxonomy":"post_tag","embeddable":true,"href":"https:\/\/www.die-emotionsfotografin.com\/blog\/wp-json\/wp\/v2\/tags?post=640"}],"curies":[{"name":"wp","href":"https:\/\/api.w.org\/{rel}","templated":true}]}}