{"id":623,"date":"2015-12-22T21:56:00","date_gmt":"2015-12-22T20:56:00","guid":{"rendered":"http:\/\/www.die-emotionsfotografin.de\/blog\/?p=623"},"modified":"2015-12-22T21:57:13","modified_gmt":"2015-12-22T20:57:13","slug":"alle-jahre-wieder-mit-diesen-5-geheimtipps-gelingen-dir-tolle-stimmungsfotos-unterm-christbaum","status":"publish","type":"post","link":"https:\/\/www.die-emotionsfotografin.com\/blog\/alle-jahre-wieder-mit-diesen-5-geheimtipps-gelingen-dir-tolle-stimmungsfotos-unterm-christbaum\/","title":{"rendered":"Alle Jahre wieder: mit diesen 5 Geheimtipps gelingen dir tolle Stimmungsfotos unterm Christbaum"},"content":{"rendered":"<h4>Alle Jahre wieder passiert es in vielen Wohnzimmern. Alles ist festlich dekoriert. Christbaum und Kerzen schaffen zauberhafte Stimmungen, die Familie kommt zusammen. Doch auf den Fotos, die Papi gemacht hat, ist hinterher nichts mehr zu sehen vom heimeligen Lichterglanz. Und statt leuchtender Kinderaugen gibt&#8217;s rote Pupillen. Ich habe aus meinem Geheimarchiv 5 Tipps rausgeholt, damit dir dieses Jahr richtig gute Fotos vom Fest und deinen Liebsten gelingen.<\/h4>\n<p>&nbsp;<\/p>\n<ol>\n<li>\n<h5>Richtig Blitzen<\/h5>\n<p>Um die festliche Weihnachsstimmung mit Lichterketten und Kerzen einzufangen, verzichte am besten auf zus\u00e4tzliches Blitzen. Das k\u00fchle Licht des Blitzes zerst\u00f6rt die warmen Farben von Gl\u00fchlampe und Adventskranzkerzen. Am besten du fotografierst mit dem vorhandenen Licht, stellst die ISO Zahl hoch und fotografiere mit m\u00f6glichst offener Blende (kleine Blendenzahl). Ein lichtstarkes Objektiv ist da von Vorteil. Wenn du den integrierten Blitz an deiner Kamera nicht ausstellen kannst, halte immer etwas Abstand auf deine Liebsten oder klebe ein St\u00fcckchen braunes Backpapier \u00fcber die Blitzlampe. Dadurch wird die Blitzfarbe w\u00e4rmer und schmeichelnder f\u00fcrs Gesicht. Mit einem Aufsteckblitz kannst du auch indirekt an die Decke blitzen. Das Licht f\u00e4llt dann weich von oben auf Oma und Opa und erhellt den ganzen Raum. Verwende eine Verschlu\u00dfzeit von 1\/60 sec, dann f\u00e4ngst du auch noch etwas vom Stimmungslicht im Raum ein.<\/li>\n<li>\n<h5>Den Moment erwischen<\/h5>\n<p>Die besten Augenblicke sind die, die ganz nat\u00fcrlich und ungestellt wirken. Das sind die G\u00e4nsehautmomente. Die gro\u00dfen Kinderaugen beim Warten aufs Christkind. Das gl\u00fcckliche Strahlen der Beschenkten, die Kinder beim Spielen mit ihren Geschenken oder Opas Nickerchen unterm Weihnachtsbaum. Beobachte sie mit deiner Kamera und fotografiere die Momente, wenn sie ganz in ihrem Element sind. F\u00fcr ein stimmungsvolles Bild ist es \u00fcberhaupt nicht wichtig, dass sie dabei in die Kamera schauen. Benutze am besten ein Teleobjektiv. Dann bemerken sie dich nicht beim Fotografieren und der Hintergrund wir gleichzeitig sch\u00f6n unscharf. Wenn du lieber mit Motivprogrammen fotografierst, benutze die Einstellung Portrait f\u00fcr eine sch\u00f6ne Trennung von Motiv und Hintergrund.<\/li>\n<li>\n<h5>Stimmungsvolle Details einfangen<\/h5>\n<p>Vergi\u00df nicht, das ein oder andere weihnachtliche Stilleben einzufangen. Den funkelnden Christbaum, die Geschenke darunter, die H\u00e4nde beim Auspacken, der festlich gedeckte Tisch oder<br \/>\ndie Familie beim Ansto\u00dfen. Vielleicht m\u00f6chtest du sp\u00e4ter ein sch\u00f6nes Jahresalbum machen, dann kannst du diese Fotos toll in deinem Fotobuch einsetzen.<\/li>\n<li>\n<h5>Fotos mit Perspektive<\/h5>\n<p>F\u00fcr spannende Weihnachtsfotos kannst du ruhig mal ein bi\u00dfchen mit Perspektive und Sch\u00e4rfentiefe experimentieren. Fotografiere die Kleinsten aus der Froschperspektive, so kommen sie richtig gro\u00df raus oder nehme z.B. einen Ast vom Christbaum mit Kugel in den unscharfen Vordergrund f\u00fcr ein Portrait. Sch\u00f6n ist es auch, die Stimmung im sch\u00f6n geschm\u00fcckten Haus mal von drau\u00dfen durch das Fenster festzuhalten. Oder wie w\u00e4re es mit einem Gruppenfoto der Familie als Spiegelung in einer Weihnachtskugel?<\/li>\n<li>\n<h5>Gruppenfoto mit Christbaum<\/h5>\n<p>Wenn du der Fotograf in der Familie bist, vergi\u00df nicht, ein Foto von der gesamten Familie zu machen, also auch eins, wo du mit drauf bist. Bringe deine Liebsten vorm Christbaum, am festlich gedeckten Tisch oder lustig im Berg von ausgepackten Geschenken in Stellung. Dann platziere deine Kamera am besten auf einem Stativ und w\u00e4hle den passenden Ausschnitt, bei dem du auch ein Pl\u00e4tzchen f\u00fcr dich frei h\u00e4ltst. Nun w\u00e4hle den Selbstausl\u00f6ser deiner Kamera mit der l\u00e4ngsten Vorlaufzeit. Dr\u00fcck auf den Ausl\u00f6ser, lauf los und werfe dich ins Foto. Bei dieser lustigen Aktion wird deine Familie von selbst in schallendes Gel\u00e4chter ausbrechen und es werden viele witzige Fotos entstehen.<\/li>\n<\/ol>\n<p>Viel Spa\u00df beim Umsetzen dieser kreativen Ideen.<\/p>\n<p>Liebe Fotodetektivinnen und andere kameraaffinen Menschen, ich w\u00fcnsche euch ein wundersch\u00f6nes Weihnachtsfest mit vielen unvergesslichen Momenten und ein friedvolles Neues Jahr, in dem auch eure Kreativit\u00e4t nicht zu kurz kommt.<\/p>\n<p>Feiertsscheee! Eure Obersp\u00fcrnase Elisabeth<\/p>\n<p>&nbsp;<\/p>\n","protected":false},"excerpt":{"rendered":"<p>Alle Jahre wieder passiert es in vielen Wohnzimmern. Alles ist festlich dekoriert. Christbaum und Kerzen schaffen zauberhafte Stimmungen, die Familie kommt zusammen. Doch auf den Fotos, die Papi gemacht hat, [&hellip;]<\/p>\n","protected":false},"author":1,"featured_media":624,"comment_status":"open","ping_status":"open","sticky":false,"template":"","format":"standard","meta":{"footnotes":""},"categories":[10],"tags":[85,83,84,82],"class_list":["post-623","post","type-post","status-publish","format-standard","has-post-thumbnail","hentry","category-kreativarchiv","tag-christbaum","tag-familienfotos","tag-stimmungsfotos","tag-weihnachten"],"_links":{"self":[{"href":"https:\/\/www.die-emotionsfotografin.com\/blog\/wp-json\/wp\/v2\/posts\/623"}],"collection":[{"href":"https:\/\/www.die-emotionsfotografin.com\/blog\/wp-json\/wp\/v2\/posts"}],"about":[{"href":"https:\/\/www.die-emotionsfotografin.com\/blog\/wp-json\/wp\/v2\/types\/post"}],"author":[{"embeddable":true,"href":"https:\/\/www.die-emotionsfotografin.com\/blog\/wp-json\/wp\/v2\/users\/1"}],"replies":[{"embeddable":true,"href":"https:\/\/www.die-emotionsfotografin.com\/blog\/wp-json\/wp\/v2\/comments?post=623"}],"version-history":[{"count":14,"href":"https:\/\/www.die-emotionsfotografin.com\/blog\/wp-json\/wp\/v2\/posts\/623\/revisions"}],"predecessor-version":[{"id":638,"href":"https:\/\/www.die-emotionsfotografin.com\/blog\/wp-json\/wp\/v2\/posts\/623\/revisions\/638"}],"wp:featuredmedia":[{"embeddable":true,"href":"https:\/\/www.die-emotionsfotografin.com\/blog\/wp-json\/wp\/v2\/media\/624"}],"wp:attachment":[{"href":"https:\/\/www.die-emotionsfotografin.com\/blog\/wp-json\/wp\/v2\/media?parent=623"}],"wp:term":[{"taxonomy":"category","embeddable":true,"href":"https:\/\/www.die-emotionsfotografin.com\/blog\/wp-json\/wp\/v2\/categories?post=623"},{"taxonomy":"post_tag","embeddable":true,"href":"https:\/\/www.die-emotionsfotografin.com\/blog\/wp-json\/wp\/v2\/tags?post=623"}],"curies":[{"name":"wp","href":"https:\/\/api.w.org\/{rel}","templated":true}]}}