{"id":617,"date":"2015-12-04T17:56:34","date_gmt":"2015-12-04T16:56:34","guid":{"rendered":"http:\/\/www.die-emotionsfotografin.de\/blog\/?p=617"},"modified":"2015-12-04T18:10:04","modified_gmt":"2015-12-04T17:10:04","slug":"glitter-glanz-und-gloria-lichtvolle-motive-experimentell-fotografiert","status":"publish","type":"post","link":"https:\/\/www.die-emotionsfotografin.com\/blog\/glitter-glanz-und-gloria-lichtvolle-motive-experimentell-fotografiert\/","title":{"rendered":"Glitter, Glanz und Gloria: lichtvolle Motive experimentell fotografiert"},"content":{"rendered":"<h5>Die Tage sind wieder kurz, die N\u00e4chte sind dunkel. Doch der Dezember erstrahlt in weihnachtlicher Vorfreude in hellem Lichterglanz. \u00dcberall funkelt, blinkt und leuchtet es in der Stadt. In keiner anderen Zeit des Jahres findet man so zauberhafte Lichtstimmungen allerorts. Kein Wunder also, dass sich die Fotodetektivinnen im Dezember Workshop auf die Spuren des Lichts begeben.<\/h5>\n<p>Aber die Fotodetektivinnen w\u00e4ren nicht die Fotodetektivinnen, wenn sie dabei ganz normale Ermittlungsmethoden anwenden w\u00fcrden. Christb\u00e4ume, Sterne, Kerzen und Kugeln werden nicht einfach abfotografiert, sondern Ihr lernt dabei, wie man mit experimentellen Techniken ungew\u00f6hnliche Bildeffekte, ja kleine Kunstwerke erzeugen kann. Dabei k\u00f6nnt ihr eurer Fantasie freien Lauf lassen und wild und ohne Konventionen eure Kreativit\u00e4t ans Licht bringen.<\/p>\n<p>Termin ist der 18. Dezember 2015 von 15.30 &#8211; 18.30 Uhr. Treffpunkt auf dem Sternenplatzl am Rindermarkt.<\/p>\n","protected":false},"excerpt":{"rendered":"<p>Die Tage sind wieder kurz, die N\u00e4chte sind dunkel. Doch der Dezember erstrahlt in weihnachtlicher Vorfreude in hellem Lichterglanz. \u00dcberall funkelt, blinkt und leuchtet es in der Stadt. In keiner [&hellip;]<\/p>\n","protected":false},"author":1,"featured_media":618,"comment_status":"open","ping_status":"open","sticky":false,"template":"","format":"standard","meta":{"footnotes":""},"categories":[9,10],"tags":[19,39,33,16,81,67,36,28,17,80],"class_list":["post-617","post","type-post","status-publish","format-standard","has-post-thumbnail","hentry","category-entdeckungstouren","category-kreativarchiv","tag-fotoexperimente","tag-fotokurs","tag-fotopraxis","tag-fotoworkshop","tag-fuer-frauen","tag-gestaltungstipps","tag-inspiration","tag-kreativ","tag-lichtmalerei","tag-weihnachtslichter"],"_links":{"self":[{"href":"https:\/\/www.die-emotionsfotografin.com\/blog\/wp-json\/wp\/v2\/posts\/617"}],"collection":[{"href":"https:\/\/www.die-emotionsfotografin.com\/blog\/wp-json\/wp\/v2\/posts"}],"about":[{"href":"https:\/\/www.die-emotionsfotografin.com\/blog\/wp-json\/wp\/v2\/types\/post"}],"author":[{"embeddable":true,"href":"https:\/\/www.die-emotionsfotografin.com\/blog\/wp-json\/wp\/v2\/users\/1"}],"replies":[{"embeddable":true,"href":"https:\/\/www.die-emotionsfotografin.com\/blog\/wp-json\/wp\/v2\/comments?post=617"}],"version-history":[{"count":2,"href":"https:\/\/www.die-emotionsfotografin.com\/blog\/wp-json\/wp\/v2\/posts\/617\/revisions"}],"predecessor-version":[{"id":620,"href":"https:\/\/www.die-emotionsfotografin.com\/blog\/wp-json\/wp\/v2\/posts\/617\/revisions\/620"}],"wp:featuredmedia":[{"embeddable":true,"href":"https:\/\/www.die-emotionsfotografin.com\/blog\/wp-json\/wp\/v2\/media\/618"}],"wp:attachment":[{"href":"https:\/\/www.die-emotionsfotografin.com\/blog\/wp-json\/wp\/v2\/media?parent=617"}],"wp:term":[{"taxonomy":"category","embeddable":true,"href":"https:\/\/www.die-emotionsfotografin.com\/blog\/wp-json\/wp\/v2\/categories?post=617"},{"taxonomy":"post_tag","embeddable":true,"href":"https:\/\/www.die-emotionsfotografin.com\/blog\/wp-json\/wp\/v2\/tags?post=617"}],"curies":[{"name":"wp","href":"https:\/\/api.w.org\/{rel}","templated":true}]}}