{"id":410,"date":"2015-08-18T11:40:09","date_gmt":"2015-08-18T09:40:09","guid":{"rendered":"http:\/\/www.die-emotionsfotografin.de\/blog\/?p=410"},"modified":"2018-03-20T17:38:19","modified_gmt":"2018-03-20T16:38:19","slug":"das-unfassbare-element-teil-1","status":"publish","type":"post","link":"https:\/\/www.die-emotionsfotografin.com\/blog\/das-unfassbare-element-teil-1\/","title":{"rendered":"Das unfassbare Element Teil 1"},"content":{"rendered":"<blockquote>\n<h4>Wasser ist das Element der Verwandlung&#8220;, sagt der Schriftsteller John von D\u00fcffel. &#8222;Wasser ist ein Element, das sich immer neu gestaltet, das sich neu strukturiert, und je nachdem, wo es ist, wie es ist, hat es auch eine v\u00f6llige andere Beschaffenheit und Gestalt. Wasser ist nie gleich.<\/h4>\n<\/blockquote>\n<p>Dieses wandelbare Element ist f\u00fcr mich als Fotodetektivin besonders spannend, weil es mich reizt, die vielen Gesichter und das Wesen des Wasser einzufangen. Auch auf meinen Fotoreisen bin ich ihm immer dicht auf den Fersen. In Island zum Beispiel, welches ich bisher zweimal in den Wintermonaten observiert habe, begegnete mir das Wasser besonders oft in wechselnder Gestalt. Als Meer, Strom oder See, hei\u00dfe Quelle oder Geysir. Nat\u00fcrlich im Regen, Schnee und Hagel oder besonders raffiniert in eisiger Verkleidung der Gletscher und Eiskristalle. Die folgende Fotogalerie ist der fl\u00fcssigen Gestalt des Wassers gewidmet.<\/p>\n<p><img loading=\"lazy\" decoding=\"async\" class=\"alignnone size-full wp-image-412\" src=\"https:\/\/www.die-emotionsfotografin.com\/blog\/wp-content\/uploads\/2015\/08\/Meeresrauschen_Island.jpg\" alt=\"\" width=\"850\" height=\"567\" srcset=\"https:\/\/www.die-emotionsfotografin.com\/blog\/wp-content\/uploads\/2015\/08\/Meeresrauschen_Island.jpg 850w, https:\/\/www.die-emotionsfotografin.com\/blog\/wp-content\/uploads\/2015\/08\/Meeresrauschen_Island-300x200.jpg 300w\" sizes=\"(max-width: 850px) 100vw, 850px\" \/><\/p>\n<p><img loading=\"lazy\" decoding=\"async\" class=\"alignnone size-full wp-image-419\" src=\"https:\/\/www.die-emotionsfotografin.com\/blog\/wp-content\/uploads\/2015\/08\/Meeresrauschen3.jpg\" alt=\"\" width=\"850\" height=\"567\" srcset=\"https:\/\/www.die-emotionsfotografin.com\/blog\/wp-content\/uploads\/2015\/08\/Meeresrauschen3.jpg 850w, https:\/\/www.die-emotionsfotografin.com\/blog\/wp-content\/uploads\/2015\/08\/Meeresrauschen3-300x200.jpg 300w\" sizes=\"(max-width: 850px) 100vw, 850px\" \/><\/p>\n<p><img loading=\"lazy\" decoding=\"async\" class=\"alignnone size-full wp-image-417\" src=\"https:\/\/www.die-emotionsfotografin.com\/blog\/wp-content\/uploads\/2015\/08\/Wasserfall_Island.jpg\" alt=\"\" width=\"850\" height=\"567\" srcset=\"https:\/\/www.die-emotionsfotografin.com\/blog\/wp-content\/uploads\/2015\/08\/Wasserfall_Island.jpg 850w, https:\/\/www.die-emotionsfotografin.com\/blog\/wp-content\/uploads\/2015\/08\/Wasserfall_Island-300x200.jpg 300w\" sizes=\"(max-width: 850px) 100vw, 850px\" \/><\/p>\n<p><img loading=\"lazy\" decoding=\"async\" class=\"alignnone size-full wp-image-420\" src=\"https:\/\/www.die-emotionsfotografin.com\/blog\/wp-content\/uploads\/2015\/08\/Wasserspiegel.jpg\" alt=\"\" width=\"850\" height=\"567\" srcset=\"https:\/\/www.die-emotionsfotografin.com\/blog\/wp-content\/uploads\/2015\/08\/Wasserspiegel.jpg 850w, https:\/\/www.die-emotionsfotografin.com\/blog\/wp-content\/uploads\/2015\/08\/Wasserspiegel-300x200.jpg 300w\" sizes=\"(max-width: 850px) 100vw, 850px\" \/><\/p>\n<p>Findest du das Thema Wasser auch spannend? M\u00f6chtest du gerne wissen, wie man diesen Verwandlungsk\u00fcnster mit der Kamera \u00fcberf\u00fchrt und abbildet? Am 27. August 2015 hast du die Gelegenheit, es zu erfahren. Da findet der n\u00e4chste Gruppen-Workshop der Fotodetektivinnen statt. Begibst du dich mit uns auf die Spuren des Wassers?<\/p>\n","protected":false},"excerpt":{"rendered":"<p>Wasser ist das Element der Verwandlung&#8220;, sagt der Schriftsteller John von D\u00fcffel. &#8222;Wasser ist ein Element, das sich immer neu gestaltet, das sich neu strukturiert, und je nachdem, wo es [&hellip;]<\/p>\n","protected":false},"author":1,"featured_media":411,"comment_status":"open","ping_status":"open","sticky":false,"template":"","format":"standard","meta":{"footnotes":""},"categories":[9,10,12],"tags":[49,41,31,45,48,42,47,46,40,44,43,50],"class_list":["post-410","post","type-post","status-publish","format-standard","has-post-thumbnail","hentry","category-entdeckungstouren","category-kreativarchiv","category-unter-die-lupe-genommen","tag-bewegte-kamera","tag-element","tag-fotografie","tag-island","tag-langzeitbelichtung","tag-meer","tag-reflexion","tag-spiegelung","tag-wasser","tag-wasserfall","tag-wellenturm","tag-zoomeffekt"],"_links":{"self":[{"href":"https:\/\/www.die-emotionsfotografin.com\/blog\/wp-json\/wp\/v2\/posts\/410"}],"collection":[{"href":"https:\/\/www.die-emotionsfotografin.com\/blog\/wp-json\/wp\/v2\/posts"}],"about":[{"href":"https:\/\/www.die-emotionsfotografin.com\/blog\/wp-json\/wp\/v2\/types\/post"}],"author":[{"embeddable":true,"href":"https:\/\/www.die-emotionsfotografin.com\/blog\/wp-json\/wp\/v2\/users\/1"}],"replies":[{"embeddable":true,"href":"https:\/\/www.die-emotionsfotografin.com\/blog\/wp-json\/wp\/v2\/comments?post=410"}],"version-history":[{"count":9,"href":"https:\/\/www.die-emotionsfotografin.com\/blog\/wp-json\/wp\/v2\/posts\/410\/revisions"}],"predecessor-version":[{"id":836,"href":"https:\/\/www.die-emotionsfotografin.com\/blog\/wp-json\/wp\/v2\/posts\/410\/revisions\/836"}],"wp:featuredmedia":[{"embeddable":true,"href":"https:\/\/www.die-emotionsfotografin.com\/blog\/wp-json\/wp\/v2\/media\/411"}],"wp:attachment":[{"href":"https:\/\/www.die-emotionsfotografin.com\/blog\/wp-json\/wp\/v2\/media?parent=410"}],"wp:term":[{"taxonomy":"category","embeddable":true,"href":"https:\/\/www.die-emotionsfotografin.com\/blog\/wp-json\/wp\/v2\/categories?post=410"},{"taxonomy":"post_tag","embeddable":true,"href":"https:\/\/www.die-emotionsfotografin.com\/blog\/wp-json\/wp\/v2\/tags?post=410"}],"curies":[{"name":"wp","href":"https:\/\/api.w.org\/{rel}","templated":true}]}}